{"id":10932,"date":"2025-11-18T12:58:59","date_gmt":"2025-11-18T11:58:59","guid":{"rendered":"https:\/\/www.alpgate.com\/portes-pliantes-alpgate-revetues-pour-le-festival-de-bregenz\/"},"modified":"2025-11-18T14:07:49","modified_gmt":"2025-11-18T13:07:49","slug":"portes-pliantes-alpgate-revetues-pour-le-festival-de-bregenz","status":"publish","type":"post","link":"https:\/\/www.alpgate.com\/fr\/portes-pliantes-alpgate-revetues-pour-le-festival-de-bregenz\/","title":{"rendered":"Portes pliantes ALPGATE rev\u00eatues pour le Festival de Bregenz"},"content":{"rendered":"\t\t<div data-elementor-type=\"wp-post\" data-elementor-id=\"10932\" class=\"elementor elementor-10932\" data-elementor-post-type=\"post\">\n\t\t\t\t\t\t<section class=\"elementor-section elementor-top-section elementor-element elementor-element-861401e elementor-section-boxed elementor-section-height-default elementor-section-height-default\" data-id=\"861401e\" data-element_type=\"section\" data-e-type=\"section\">\n\t\t\t\t\t\t<div class=\"elementor-container elementor-column-gap-default\">\n\t\t\t\t\t<div class=\"elementor-column elementor-col-100 elementor-top-column elementor-element elementor-element-92e4697\" data-id=\"92e4697\" data-element_type=\"column\" data-e-type=\"column\">\n\t\t\t<div class=\"elementor-widget-wrap elementor-element-populated\">\n\t\t\t\t\t\t<section class=\"elementor-section elementor-inner-section elementor-element elementor-element-601e80f elementor-section-boxed elementor-section-height-default elementor-section-height-default\" data-id=\"601e80f\" data-element_type=\"section\" data-e-type=\"section\">\n\t\t\t\t\t\t<div class=\"elementor-container elementor-column-gap-default\">\n\t\t\t\t\t<div class=\"elementor-column elementor-col-50 elementor-inner-column elementor-element elementor-element-12a62e2\" data-id=\"12a62e2\" data-element_type=\"column\" data-e-type=\"column\">\n\t\t\t<div class=\"elementor-widget-wrap elementor-element-populated\">\n\t\t\t\t\t\t<div class=\"elementor-element elementor-element-8432c72 elementor-widget elementor-widget-text-editor\" data-id=\"8432c72\" data-element_type=\"widget\" data-e-type=\"widget\" data-widget_type=\"text-editor.default\">\n\t\t\t\t<div class=\"elementor-widget-container\">\n\t\t\t\t\t\t\t\t\t<p>Les portes et accessoires ont \u00e9t\u00e9 poudr\u00e9s dans la teinte profonde mate d\u00e9finie par le client, NCS S 8000-N. Cette couleur \u00e9l\u00e9gante et uniforme cr\u00e9e une harmonie visuelle \u00e0 l\u2019int\u00e9rieur comme \u00e0 l\u2019ext\u00e9rieur et constitue la base de l\u2019apparence globale sophistiqu\u00e9e du projet.<\/p>\n<p>Un d\u00e9tail remarquable est le rev\u00eatement complet en t\u00f4le de chaque vantail. Des t\u00f4les d\u2019acier galvanis\u00e9 lisses recouvrent enti\u00e8rement les cadres, les rendant invisibles sous tous les angles. Les surfaces int\u00e9rieures et ext\u00e9rieures sont poudr\u00e9es pour s\u2019harmoniser parfaitement avec la couleur des cadres. Cette approche conf\u00e8re aux portes un aspect clair et monolithique, renfor\u00e7ant le style architectural moderne du b\u00e2timent.<\/p>\n\t\t\t\t\t\t\t\t<\/div>\n\t\t\t\t<\/div>\n\t\t\t\t\t<\/div>\n\t\t<\/div>\n\t\t\t\t<div class=\"elementor-column elementor-col-50 elementor-inner-column elementor-element elementor-element-6862ca2\" data-id=\"6862ca2\" data-element_type=\"column\" data-e-type=\"column\">\n\t\t\t<div class=\"elementor-widget-wrap elementor-element-populated\">\n\t\t\t\t\t\t<div class=\"elementor-element elementor-element-41f18ab elementor-widget elementor-widget-image\" data-id=\"41f18ab\" data-element_type=\"widget\" data-e-type=\"widget\" data-widget_type=\"image.default\">\n\t\t\t\t<div class=\"elementor-widget-container\">\n\t\t\t\t\t\t\t\t\t\t\t\t\t\t\t<img fetchpriority=\"high\" decoding=\"async\" width=\"800\" height=\"600\" src=\"https:\/\/www.alpgate.com\/wp-content\/uploads\/2025\/11\/Falttor_Bregenz-1024x768.png\" class=\"attachment-large size-large wp-image-10921\" alt=\"\" srcset=\"https:\/\/www.alpgate.com\/wp-content\/uploads\/2025\/11\/Falttor_Bregenz-1024x768.png 1024w, https:\/\/www.alpgate.com\/wp-content\/uploads\/2025\/11\/Falttor_Bregenz-300x225.png 300w, https:\/\/www.alpgate.com\/wp-content\/uploads\/2025\/11\/Falttor_Bregenz-768x576.png 768w, https:\/\/www.alpgate.com\/wp-content\/uploads\/2025\/11\/Falttor_Bregenz-1536x1152.png 1536w, https:\/\/www.alpgate.com\/wp-content\/uploads\/2025\/11\/Falttor_Bregenz.png 1600w\" sizes=\"(max-width: 800px) 100vw, 800px\" \/>\t\t\t\t\t\t\t\t\t\t\t\t\t\t\t<\/div>\n\t\t\t\t<\/div>\n\t\t\t\t\t<\/div>\n\t\t<\/div>\n\t\t\t\t\t<\/div>\n\t\t<\/section>\n\t\t\t\t<div class=\"elementor-element elementor-element-ce4448f elementor-widget elementor-widget-text-editor\" data-id=\"ce4448f\" data-element_type=\"widget\" data-e-type=\"widget\" data-widget_type=\"text-editor.default\">\n\t\t\t\t<div class=\"elementor-widget-container\">\n\t\t\t\t\t\t\t\t\t<p>La zone de tri des mat\u00e9riaux recyclables couvre environ 16 m\u00e8tres de fa\u00e7ade et comprend cinq portes pliantes. Des solutions sur mesure r\u00e9fl\u00e9chies \u2013 rails encastr\u00e9s avec but\u00e9es inclin\u00e9es, profils suppl\u00e9mentaires sp\u00e9cifiques, couvertures de rails sur mesure et sous-structures sur colonnes rondes en b\u00e9ton \u2013 garantissent un ajustement parfait des portes \u00e0 la fa\u00e7ade.<\/p>\n<p>Les vantaux pr\u00e9sentent des largeurs variables, combinant une r\u00e9partition individuelle et des solutions constructives sur mesure pour assurer une fonctionnalit\u00e9 optimale et une int\u00e9gration esth\u00e9tique harmonieuse \u00e0 la fa\u00e7ade moderne.<\/p>\n<p>Une sixi\u00e8me porte pliante en ext\u00e9rieur mesure environ 5000 \u00d7 4200 mm et dispose d\u2019une t\u00f4le perfor\u00e9e rivet\u00e9e avec perforation sp\u00e9ciale, \u00e9galement poudr\u00e9e, ainsi que d\u2019une porte pi\u00e9tonne int\u00e9gr\u00e9e sans seuil \u2013 une solution enti\u00e8rement personnalis\u00e9e. Une septi\u00e8me porte, construite selon les m\u00eames sp\u00e9cifications mais sans porte pi\u00e9tonne, mesure environ 4000 \u00d7 4200 mm.<\/p>\n<p>Gr\u00e2ce \u00e0 ces solutions sur mesure, ALPGATE contribue \u00e0 la r\u00e9novation du Festival de Bregenz en optimisant \u00e0 la fois la fonctionnalit\u00e9 et l\u2019esth\u00e9tique des portes, en parfaite harmonie avec l\u2019architecture sophistiqu\u00e9e du b\u00e2timent.<\/p>\n\t\t\t\t\t\t\t\t<\/div>\n\t\t\t\t<\/div>\n\t\t\t\t<div class=\"elementor-element elementor-element-033d4f7 elementor-widget elementor-widget-image\" data-id=\"033d4f7\" data-element_type=\"widget\" data-e-type=\"widget\" data-widget_type=\"image.default\">\n\t\t\t\t<div class=\"elementor-widget-container\">\n\t\t\t\t\t\t\t\t\t\t\t\t\t\t\t<img decoding=\"async\" width=\"1596\" height=\"854\" src=\"https:\/\/www.alpgate.com\/wp-content\/uploads\/2025\/11\/Falttor_Bregenz_2.png\" class=\"attachment-full size-full wp-image-10924\" alt=\"\" srcset=\"https:\/\/www.alpgate.com\/wp-content\/uploads\/2025\/11\/Falttor_Bregenz_2.png 1596w, https:\/\/www.alpgate.com\/wp-content\/uploads\/2025\/11\/Falttor_Bregenz_2-300x161.png 300w, https:\/\/www.alpgate.com\/wp-content\/uploads\/2025\/11\/Falttor_Bregenz_2-1024x548.png 1024w, https:\/\/www.alpgate.com\/wp-content\/uploads\/2025\/11\/Falttor_Bregenz_2-768x411.png 768w, https:\/\/www.alpgate.com\/wp-content\/uploads\/2025\/11\/Falttor_Bregenz_2-1536x822.png 1536w\" sizes=\"(max-width: 1596px) 100vw, 1596px\" \/>\t\t\t\t\t\t\t\t\t\t\t\t\t\t\t<\/div>\n\t\t\t\t<\/div>\n\t\t\t\t\t<\/div>\n\t\t<\/div>\n\t\t\t\t\t<\/div>\n\t\t<\/section>\n\t\t\t\t<\/div>\n\t\t","protected":false},"excerpt":{"rendered":"<p>Dans le cadre de la r\u00e9novation du Festival de Bregenz, ALPGATE a fourni et install\u00e9 plusieurs portes pliantes haut de gamme qui s\u00e9duisent autant par leur fonctionnalit\u00e9 que par leurs solutions techniques et esth\u00e9tiques sur mesure.<\/p>\n","protected":false},"author":3,"featured_media":10921,"comment_status":"closed","ping_status":"closed","sticky":false,"template":"","format":"standard","meta":{"_acf_changed":false,"footnotes":""},"categories":[366],"tags":[],"class_list":["post-10932","post","type-post","status-publish","format-standard","has-post-thumbnail","hentry","category-referenzen-oesterreich"],"acf":[],"_links":{"self":[{"href":"https:\/\/www.alpgate.com\/fr\/wp-json\/wp\/v2\/posts\/10932","targetHints":{"allow":["GET"]}}],"collection":[{"href":"https:\/\/www.alpgate.com\/fr\/wp-json\/wp\/v2\/posts"}],"about":[{"href":"https:\/\/www.alpgate.com\/fr\/wp-json\/wp\/v2\/types\/post"}],"author":[{"embeddable":true,"href":"https:\/\/www.alpgate.com\/fr\/wp-json\/wp\/v2\/users\/3"}],"replies":[{"embeddable":true,"href":"https:\/\/www.alpgate.com\/fr\/wp-json\/wp\/v2\/comments?post=10932"}],"version-history":[{"count":0,"href":"https:\/\/www.alpgate.com\/fr\/wp-json\/wp\/v2\/posts\/10932\/revisions"}],"wp:featuredmedia":[{"embeddable":true,"href":"https:\/\/www.alpgate.com\/fr\/wp-json\/wp\/v2\/media\/10921"}],"wp:attachment":[{"href":"https:\/\/www.alpgate.com\/fr\/wp-json\/wp\/v2\/media?parent=10932"}],"wp:term":[{"taxonomy":"category","embeddable":true,"href":"https:\/\/www.alpgate.com\/fr\/wp-json\/wp\/v2\/categories?post=10932"},{"taxonomy":"post_tag","embeddable":true,"href":"https:\/\/www.alpgate.com\/fr\/wp-json\/wp\/v2\/tags?post=10932"}],"curies":[{"name":"wp","href":"https:\/\/api.w.org\/{rel}","templated":true}]}}