{"id":11365,"date":"2026-03-12T13:15:21","date_gmt":"2026-03-12T12:15:21","guid":{"rendered":"https:\/\/www.alpgate.com\/les-28-et-29-avril-2026-nous-presenterons-nos-solutions-de-facades-et-de-portails-au-salon-architectwork-a-luxembourg\/"},"modified":"2026-03-12T13:31:54","modified_gmt":"2026-03-12T12:31:54","slug":"les-28-et-29-avril-2026-nous-presenterons-nos-solutions-de-facades-et-de-portails-au-salon-architectwork-a-luxembourg","status":"publish","type":"post","link":"https:\/\/www.alpgate.com\/fr\/les-28-et-29-avril-2026-nous-presenterons-nos-solutions-de-facades-et-de-portails-au-salon-architectwork-a-luxembourg\/","title":{"rendered":"Les 28 et 29 avril 2026, nous pr\u00e9senterons nos solutions de fa\u00e7ades et de portails au salon ARCHITECT@WORK \u00e0 Luxembourg."},"content":{"rendered":"\t\t<div data-elementor-type=\"wp-post\" data-elementor-id=\"11365\" class=\"elementor elementor-11365 elementor-11354\" data-elementor-post-type=\"post\">\n\t\t\t\t\t\t<section class=\"elementor-section elementor-top-section elementor-element elementor-element-15eb1c5 elementor-section-boxed elementor-section-height-default elementor-section-height-default\" data-id=\"15eb1c5\" data-element_type=\"section\" data-e-type=\"section\">\n\t\t\t\t\t\t<div class=\"elementor-container elementor-column-gap-default\">\n\t\t\t\t\t<div class=\"elementor-column elementor-col-100 elementor-top-column elementor-element elementor-element-d03806a\" data-id=\"d03806a\" data-element_type=\"column\" data-e-type=\"column\">\n\t\t\t<div class=\"elementor-widget-wrap elementor-element-populated\">\n\t\t\t\t\t\t<div class=\"elementor-element elementor-element-9e2e2b0 elementor-widget elementor-widget-image\" data-id=\"9e2e2b0\" data-element_type=\"widget\" data-e-type=\"widget\" data-widget_type=\"image.default\">\n\t\t\t\t<div class=\"elementor-widget-container\">\n\t\t\t\t\t\t\t\t\t\t\t\t\t\t\t<img fetchpriority=\"high\" decoding=\"async\" width=\"1020\" height=\"200\" src=\"https:\/\/www.alpgate.com\/wp-content\/uploads\/2026\/03\/26ALL_Banner_Lancering_Portaal_1020x200px_DE.jpg\" class=\"attachment-full size-full wp-image-11364\" alt=\"\" srcset=\"https:\/\/www.alpgate.com\/wp-content\/uploads\/2026\/03\/26ALL_Banner_Lancering_Portaal_1020x200px_DE.jpg 1020w, https:\/\/www.alpgate.com\/wp-content\/uploads\/2026\/03\/26ALL_Banner_Lancering_Portaal_1020x200px_DE-300x59.jpg 300w, https:\/\/www.alpgate.com\/wp-content\/uploads\/2026\/03\/26ALL_Banner_Lancering_Portaal_1020x200px_DE-768x151.jpg 768w\" sizes=\"(max-width: 1020px) 100vw, 1020px\" \/>\t\t\t\t\t\t\t\t\t\t\t\t\t\t\t<\/div>\n\t\t\t\t<\/div>\n\t\t\t\t<div class=\"elementor-element elementor-element-896b5d8 elementor-widget elementor-widget-text-editor\" data-id=\"896b5d8\" data-element_type=\"widget\" data-e-type=\"widget\" data-widget_type=\"text-editor.default\">\n\t\t\t\t<div class=\"elementor-widget-container\">\n\t\t\t\t\t\t\t\t\t<p data-prosemirror-content-type=\"node\" data-prosemirror-node-name=\"paragraph\" data-prosemirror-node-block=\"true\" data-pm-slice=\"0 0 []\">Nous nous r\u00e9jouissons de participer \u00e0 ce salon au format particulier ! Les 28 et 29 avril 2026, nous pr\u00e9senterons nos solutions de fa\u00e7ades et de portails au salon <a href=\"https:\/\/www.linkedin.com\/company\/69763166\/admin\/page-posts\/published\/?share=true#\" data-prosemirror-content-type=\"mark\" data-prosemirror-mark-name=\"link\" target=\"_blank\" rel=\"noopener\">ARCHITECT@WORK<\/a> \u00e0 Luxembourg. <\/p><p data-prosemirror-content-type=\"node\" data-prosemirror-node-name=\"paragraph\" data-prosemirror-node-block=\"true\">Cet \u00e9v\u00e9nement se distingue : con\u00e7u par des architectes d\u2019int\u00e9rieur pour les professionnels, seuls des exposants s\u00e9lectionn\u00e9s pr\u00e9sentent de v\u00e9ritables innovations. Le concept est sp\u00e9cialement pens\u00e9 pour la communaut\u00e9 de l\u2019architecture et du design \u2013 inspiration et \u00e9changes garantis. <\/p><p data-prosemirror-content-type=\"node\" data-prosemirror-node-name=\"paragraph\" data-prosemirror-node-block=\"true\">Sous le th\u00e8me de cette ann\u00e9e Thoughtful Tomorrow, l\u2019accent est mis sur la conception anticip\u00e9e : construire de mani\u00e8re r\u00e9fl\u00e9chie aujourd\u2019hui pour un demain r\u00e9silient. <\/p><p data-prosemirror-content-type=\"node\" data-prosemirror-node-name=\"paragraph\" data-prosemirror-node-block=\"true\">Nous sommes impatients et nous r\u00e9jouissons \u00e0 l&rsquo;avance des discussions et rencontres int\u00e9ressantes qui nous attendent !<\/p><p data-prosemirror-content-type=\"node\" data-prosemirror-node-name=\"paragraph\" data-prosemirror-node-block=\"true\">Pour plus d&rsquo;informations sur ARCHITECT@WORK, rendez-vous sur : <br><span class=\"inlineCardView-content-wrap inlineNodeView\" data-prosemirror-content-type=\"node\" data-prosemirror-node-name=\"inlineCard\" data-prosemirror-node-inline=\"true\"><a href=\"https:\/\/www.architectatwork.com\/de\/events\/a@w-luxembourg\" data-inline-card=\"\" data-card-data=\"\" target=\"_blank\" rel=\"noopener\">https:\/\/www.architectatwork.com\/de\/events\/a@w-luxembourg<\/a><\/span><\/p>\t\t\t\t\t\t\t\t<\/div>\n\t\t\t\t<\/div>\n\t\t\t\t\t<\/div>\n\t\t<\/div>\n\t\t\t\t\t<\/div>\n\t\t<\/section>\n\t\t\t\t<section class=\"elementor-section elementor-top-section elementor-element elementor-element-9ac4edf elementor-section-boxed elementor-section-height-default elementor-section-height-default\" data-id=\"9ac4edf\" data-element_type=\"section\" data-e-type=\"section\">\n\t\t\t\t\t\t<div class=\"elementor-container elementor-column-gap-default\">\n\t\t\t\t\t<div class=\"elementor-column elementor-col-100 elementor-top-column elementor-element elementor-element-d02fe7f\" data-id=\"d02fe7f\" data-element_type=\"column\" data-e-type=\"column\">\n\t\t\t<div class=\"elementor-widget-wrap elementor-element-populated\">\n\t\t\t\t\t\t<div class=\"elementor-element elementor-element-66a35fb elementor-widget elementor-widget-gallery\" data-id=\"66a35fb\" data-element_type=\"widget\" data-e-type=\"widget\" data-settings=\"{&quot;columns&quot;:2,&quot;lazyload&quot;:&quot;yes&quot;,&quot;gallery_layout&quot;:&quot;grid&quot;,&quot;columns_tablet&quot;:2,&quot;columns_mobile&quot;:1,&quot;gap&quot;:{&quot;unit&quot;:&quot;px&quot;,&quot;size&quot;:10,&quot;sizes&quot;:[]},&quot;gap_tablet&quot;:{&quot;unit&quot;:&quot;px&quot;,&quot;size&quot;:10,&quot;sizes&quot;:[]},&quot;gap_mobile&quot;:{&quot;unit&quot;:&quot;px&quot;,&quot;size&quot;:10,&quot;sizes&quot;:[]},&quot;link_to&quot;:&quot;file&quot;,&quot;aspect_ratio&quot;:&quot;3:2&quot;,&quot;overlay_background&quot;:&quot;yes&quot;,&quot;content_hover_animation&quot;:&quot;fade-in&quot;}\" data-widget_type=\"gallery.default\">\n\t\t\t\t<div class=\"elementor-widget-container\">\n\t\t\t\t\t\t\t<div class=\"elementor-gallery__container\">\n\t\t\t\t\t\t\t<a class=\"e-gallery-item elementor-gallery-item elementor-animated-content\" href=\"https:\/\/www.alpgate.com\/wp-content\/uploads\/2024\/10\/projektausstellung_3-10-2022_8_13_06.jpg\" data-elementor-open-lightbox=\"yes\" data-elementor-lightbox-slideshow=\"66a35fb\" data-e-action-hash=\"#elementor-action%3Aaction%3Dlightbox%26settings%3DeyJpZCI6OTQ0NiwidXJsIjoiaHR0cHM6XC9cL3d3dy5hbHBnYXRlLmNvbVwvd3AtY29udGVudFwvdXBsb2Fkc1wvMjAyNFwvMTBcL3Byb2pla3RhdXNzdGVsbHVuZ18zLTEwLTIwMjJfOF8xM18wNi5qcGciLCJzbGlkZXNob3ciOiI2NmEzNWZiIn0%3D\">\n\t\t\t\t\t<div class=\"e-gallery-image elementor-gallery-item__image\" data-thumbnail=\"https:\/\/www.alpgate.com\/wp-content\/uploads\/2024\/10\/projektausstellung_3-10-2022_8_13_06.jpg\" data-width=\"\" data-height=\"\" aria-label=\"\" role=\"img\" ><\/div>\n\t\t\t\t\t\t\t\t\t\t\t<div class=\"elementor-gallery-item__overlay\"><\/div>\n\t\t\t\t\t\t\t\t\t\t\t\t\t\t<\/a>\n\t\t\t\t\t\t\t<a class=\"e-gallery-item elementor-gallery-item elementor-animated-content\" href=\"https:\/\/www.alpgate.com\/wp-content\/uploads\/2024\/10\/konzept_3-10-2022_8_12_42.jpg\" data-elementor-open-lightbox=\"yes\" data-elementor-lightbox-slideshow=\"66a35fb\" data-e-action-hash=\"#elementor-action%3Aaction%3Dlightbox%26settings%3DeyJpZCI6OTQ0MywidXJsIjoiaHR0cHM6XC9cL3d3dy5hbHBnYXRlLmNvbVwvd3AtY29udGVudFwvdXBsb2Fkc1wvMjAyNFwvMTBcL2tvbnplcHRfMy0xMC0yMDIyXzhfMTJfNDIuanBnIiwic2xpZGVzaG93IjoiNjZhMzVmYiJ9\">\n\t\t\t\t\t<div class=\"e-gallery-image elementor-gallery-item__image\" data-thumbnail=\"https:\/\/www.alpgate.com\/wp-content\/uploads\/2024\/10\/konzept_3-10-2022_8_12_42.jpg\" data-width=\"\" data-height=\"\" aria-label=\"\" role=\"img\" ><\/div>\n\t\t\t\t\t\t\t\t\t\t\t<div class=\"elementor-gallery-item__overlay\"><\/div>\n\t\t\t\t\t\t\t\t\t\t\t\t\t\t<\/a>\n\t\t\t\t\t<\/div>\n\t\t\t\t\t<\/div>\n\t\t\t\t<\/div>\n\t\t\t\t<div class=\"elementor-element elementor-element-736fd45 elementor-widget elementor-widget-text-editor\" data-id=\"736fd45\" data-element_type=\"widget\" data-e-type=\"widget\" data-widget_type=\"text-editor.default\">\n\t\t\t\t<div class=\"elementor-widget-container\">\n\t\t\t\t\t\t\t\t\t<p>Bildquelle: <span class=\"inlineCardView-content-wrap inlineNodeView\" data-prosemirror-content-type=\"node\" data-prosemirror-node-name=\"inlineCard\" data-prosemirror-node-inline=\"true\"><span class=\"card\" aria-busy=\"true\"><a href=\"https:\/\/www.architectatwork.com\/\" data-inline-card=\"\" data-card-data=\"\" target=\"_blank\" rel=\"noopener\">https:\/\/www.architectatwork.com\/<\/a><\/span><\/span><\/p>\t\t\t\t\t\t\t\t<\/div>\n\t\t\t\t<\/div>\n\t\t\t\t\t<\/div>\n\t\t<\/div>\n\t\t\t\t\t<\/div>\n\t\t<\/section>\n\t\t\t\t<\/div>\n\t\t","protected":false},"excerpt":{"rendered":"<p>Cet \u00e9v\u00e9nement se distingue : con\u00e7u par des architectes d\u2019int\u00e9rieur pour les professionnels, seuls des exposants s\u00e9lectionn\u00e9s pr\u00e9sentent de v\u00e9ritables innovations.<\/p>\n","protected":false},"author":3,"featured_media":11369,"comment_status":"closed","ping_status":"closed","sticky":false,"template":"","format":"standard","meta":{"_acf_changed":false,"footnotes":""},"categories":[40],"tags":[],"class_list":["post-11365","post","type-post","status-publish","format-standard","has-post-thumbnail","hentry","category-non-classifiee"],"acf":[],"_links":{"self":[{"href":"https:\/\/www.alpgate.com\/fr\/wp-json\/wp\/v2\/posts\/11365","targetHints":{"allow":["GET"]}}],"collection":[{"href":"https:\/\/www.alpgate.com\/fr\/wp-json\/wp\/v2\/posts"}],"about":[{"href":"https:\/\/www.alpgate.com\/fr\/wp-json\/wp\/v2\/types\/post"}],"author":[{"embeddable":true,"href":"https:\/\/www.alpgate.com\/fr\/wp-json\/wp\/v2\/users\/3"}],"replies":[{"embeddable":true,"href":"https:\/\/www.alpgate.com\/fr\/wp-json\/wp\/v2\/comments?post=11365"}],"version-history":[{"count":0,"href":"https:\/\/www.alpgate.com\/fr\/wp-json\/wp\/v2\/posts\/11365\/revisions"}],"wp:featuredmedia":[{"embeddable":true,"href":"https:\/\/www.alpgate.com\/fr\/wp-json\/wp\/v2\/media\/11369"}],"wp:attachment":[{"href":"https:\/\/www.alpgate.com\/fr\/wp-json\/wp\/v2\/media?parent=11365"}],"wp:term":[{"taxonomy":"category","embeddable":true,"href":"https:\/\/www.alpgate.com\/fr\/wp-json\/wp\/v2\/categories?post=11365"},{"taxonomy":"post_tag","embeddable":true,"href":"https:\/\/www.alpgate.com\/fr\/wp-json\/wp\/v2\/tags?post=11365"}],"curies":[{"name":"wp","href":"https:\/\/api.w.org\/{rel}","templated":true}]}}