{"id":9778,"date":"2024-12-19T13:22:53","date_gmt":"2024-12-19T12:22:53","guid":{"rendered":"https:\/\/www.alpgate.com\/porte-coulissante-avec-verre-bombe-la-perfection-pour-une-architecture-moderne\/"},"modified":"2024-12-19T13:22:53","modified_gmt":"2024-12-19T12:22:53","slug":"porte-coulissante-avec-verre-bombe-la-perfection-pour-une-architecture-moderne","status":"publish","type":"post","link":"https:\/\/www.alpgate.com\/fr\/porte-coulissante-avec-verre-bombe-la-perfection-pour-une-architecture-moderne\/","title":{"rendered":"Porte coulissante avec verre bomb\u00e9 &#8211; la perfection pour une architecture moderne"},"content":{"rendered":"\t\t<div data-elementor-type=\"wp-post\" data-elementor-id=\"9778\" class=\"elementor elementor-9778 elementor-9762\" data-elementor-post-type=\"post\">\n\t\t\t\t\t\t<section class=\"elementor-section elementor-top-section elementor-element elementor-element-05a1cf5 elementor-section-boxed elementor-section-height-default elementor-section-height-default\" data-id=\"05a1cf5\" data-element_type=\"section\" data-e-type=\"section\">\n\t\t\t\t\t\t<div class=\"elementor-container elementor-column-gap-default\">\n\t\t\t\t\t<div class=\"elementor-column elementor-col-100 elementor-top-column elementor-element elementor-element-904a2bf\" data-id=\"904a2bf\" data-element_type=\"column\" data-e-type=\"column\">\n\t\t\t<div class=\"elementor-widget-wrap elementor-element-populated\">\n\t\t\t\t\t\t<div class=\"elementor-element elementor-element-361f69b elementor-widget elementor-widget-text-editor\" data-id=\"361f69b\" data-element_type=\"widget\" data-e-type=\"widget\" data-widget_type=\"text-editor.default\">\n\t\t\t\t<div class=\"elementor-widget-container\">\n\t\t\t\t\t\t\t\t\t<p>Un projet de porte exceptionnel pour un chef-d&rsquo;\u0153uvre architectural ! Pour l&rsquo;impressionnant b\u00e2timent des c\u00e9l\u00e8bres architectes Massimiliano et Doriana Fuksas, nous avons pu r\u00e9aliser deux installations de portes coulissantes sur mesure avec verre bomb\u00e9 qui s&rsquo;int\u00e8grent parfaitement dans la fa\u00e7ade incurv\u00e9e.<\/p>\n<p>La premi\u00e8re installation impressionne par ses dimensions g\u00e9n\u00e9reuses de 4,2 m de hauteur et de 3 m + 3 m de largeur et s&rsquo;harmonise parfaitement avec l&rsquo;architecture exigeante. La deuxi\u00e8me installation de porte dispose en outre d&rsquo;une porte pi\u00e9tonne int\u00e9gr\u00e9e qui allie fonctionnalit\u00e9 et esth\u00e9tique. La technique d&rsquo;entra\u00eenement est enti\u00e8rement dissimul\u00e9e dans le sol, ce qui nous permet de conserver des lignes claires et \u00e9l\u00e9gantes. Au niveau du linteau, un discret guidage par rail de 50 mm assure la stabilit\u00e9 sans nuire au design.<\/p>\n<p>Fabriqu\u00e9es en acier inoxydable de haute qualit\u00e9, les portes allient une technique innovante et un choix de mat\u00e9riaux exclusifs pour une interaction parfaite entre forme et fonction.<\/p>\n\t\t\t\t\t\t\t\t<\/div>\n\t\t\t\t<\/div>\n\t\t\t\t<div class=\"elementor-element elementor-element-a70d14c elementor-widget elementor-widget-video\" data-id=\"a70d14c\" data-element_type=\"widget\" data-e-type=\"widget\" data-settings=\"{&quot;video_type&quot;:&quot;hosted&quot;,&quot;controls&quot;:&quot;yes&quot;}\" data-widget_type=\"video.default\">\n\t\t\t\t<div class=\"elementor-widget-container\">\n\t\t\t\t\t\t\t<div class=\"e-hosted-video elementor-wrapper elementor-open-inline\">\n\t\t\t\t\t<video class=\"elementor-video\" src=\"https:\/\/www.alpgate.com\/wp-content\/uploads\/2024\/11\/ALPGATE_Schiebetor_Rund_Glas.mp4\" controls=\"\" preload=\"metadata\" controlsList=\"nodownload\"><\/video>\n\t\t\t\t<\/div>\n\t\t\t\t\t\t<\/div>\n\t\t\t\t<\/div>\n\t\t\t\t<div class=\"elementor-element elementor-element-3443a2c elementor-widget elementor-widget-text-editor\" data-id=\"3443a2c\" data-element_type=\"widget\" data-e-type=\"widget\" data-widget_type=\"text-editor.default\">\n\t\t\t\t<div class=\"elementor-widget-container\">\n\t\t\t\t\t\t\t\t\t<\/p>\n<p>En savoir plus sur nos nombreuses solutions sp\u00e9ciales ici:<br \/><a href=\u00ab https:\/\/www.alpgate.com\/torloesungen\/sonderloesungen-und-antriebsloesungen-der-extraklasse\/ \u00bb data-inline-card=\u00ab \u00bb data-card-data=\u00ab \u00bb>https:\/\/www.alpgate.com\/torloesungen\/sonderloesungen-und-antriebsloesungen-der-extraklasse\/<\/a><\/p>\n<\/p>\n<p>#alpgate #estoinnovations #portes sp\u00e9ciales #portes en verre #portes coulissantes #portes rondes #verre vo\u00fbt\u00e9<\/p>\n\t\t\t\t\t\t\t\t<\/div>\n\t\t\t\t<\/div>\n\t\t\t\t\t<\/div>\n\t\t<\/div>\n\t\t\t\t\t<\/div>\n\t\t<\/section>\n\t\t\t\t<\/div>\n\t\t","protected":false},"excerpt":{"rendered":"<p>Pour l&rsquo;impressionnant b\u00e2timent des c\u00e9l\u00e8bres architectes Massimiliano et Doriana Fuksas, nous avons pu r\u00e9aliser deux installations de portes coulissantes sur mesure avec du verre bomb\u00e9.<\/p>\n","protected":false},"author":3,"featured_media":9566,"comment_status":"closed","ping_status":"closed","sticky":false,"template":"","format":"standard","meta":{"_acf_changed":false,"footnotes":""},"categories":[53],"tags":[99,258,338,98],"class_list":["post-9778","post","type-post","status-publish","format-standard","has-post-thumbnail","hentry","category-les-references","tag-portails-speciaux","tag-porte-en-verre","tag-portes-circulaires","tag-portes-sectionnelles-laterales"],"acf":[],"_links":{"self":[{"href":"https:\/\/www.alpgate.com\/fr\/wp-json\/wp\/v2\/posts\/9778","targetHints":{"allow":["GET"]}}],"collection":[{"href":"https:\/\/www.alpgate.com\/fr\/wp-json\/wp\/v2\/posts"}],"about":[{"href":"https:\/\/www.alpgate.com\/fr\/wp-json\/wp\/v2\/types\/post"}],"author":[{"embeddable":true,"href":"https:\/\/www.alpgate.com\/fr\/wp-json\/wp\/v2\/users\/3"}],"replies":[{"embeddable":true,"href":"https:\/\/www.alpgate.com\/fr\/wp-json\/wp\/v2\/comments?post=9778"}],"version-history":[{"count":0,"href":"https:\/\/www.alpgate.com\/fr\/wp-json\/wp\/v2\/posts\/9778\/revisions"}],"wp:featuredmedia":[{"embeddable":true,"href":"https:\/\/www.alpgate.com\/fr\/wp-json\/wp\/v2\/media\/9566"}],"wp:attachment":[{"href":"https:\/\/www.alpgate.com\/fr\/wp-json\/wp\/v2\/media?parent=9778"}],"wp:term":[{"taxonomy":"category","embeddable":true,"href":"https:\/\/www.alpgate.com\/fr\/wp-json\/wp\/v2\/categories?post=9778"},{"taxonomy":"post_tag","embeddable":true,"href":"https:\/\/www.alpgate.com\/fr\/wp-json\/wp\/v2\/tags?post=9778"}],"curies":[{"name":"wp","href":"https:\/\/api.w.org\/{rel}","templated":true}]}}